{"id":2165,"date":"2024-02-17T13:12:47","date_gmt":"2024-02-17T13:12:47","guid":{"rendered":"https:\/\/almacigasociocultural.org\/?p=2165"},"modified":"2024-02-17T13:15:39","modified_gmt":"2024-02-17T13:15:39","slug":"moradas","status":"publish","type":"post","link":"https:\/\/almacigasociocultural.org\/index.php\/2024\/02\/17\/moradas\/","title":{"rendered":"Moradas"},"content":{"rendered":"\n<p>Proyecto.<br>En Moradas Textiles se ha puesto en praxis saberes ancestrales textiles, practicados en su mayor\u00eda por mujeres, no acad\u00e9micos, transmitidos de manera oral, que tienen la capacidad de permitir el di\u00e1logo y el trabajo a la vez. Se han tomado como referentes producciones textiles provenientes de territorios de Abya Yala para ahondar en conceptos vinculados con la relaci\u00f3n muerte-vida comprendido m\u00e1s como un ciclo que como una oposici\u00f3n, y tambi\u00e9n, para desarrollar diversas t\u00e9cnicas que nos parece pertinentes de visibilizar y ejecutar, para rescatar su memoria y aportar desde otras zonas del conocimiento a las epistemolog\u00edas del sur. Han sido investigadas las culturas: mapuche, aymara, paracas, chancay para proponer la creaci\u00f3n de obras textiles que canalicen el duelo migratorio e invitar a cada persona a construir una mu\u00f1eca identitaria, bas\u00e1ndonos en las denominadas \u201cquitapenas\u201d de origen maya fabricadas actualmente en Guatemala, para que albergue memorias, anhelos, prendas y objetos personales.<\/p>\n\n\n\n<p>Video Moradas.<\/p>\n\n\n\n<hr class=\"wp-block-separator has-alpha-channel-opacity\"\/>\n\n\n\n<p>Taller en CCCC<\/p>\n\n\n\n<p>Mu\u00f1eca Quitapenas<\/p>\n\n\n\n<p>Resultado del proceso creativo de construcci\u00f3n de mu\u00f1ecas o mu\u00f1ecos con materiales textiles nobles. Lanas, arpilleras, lana virgen, lana de oveja guirra, lino, te\u00f1ido con metodos de tintas naturales.<\/p>\n\n\n\n<p>Proceso de Creaci\u00f3n<\/p>\n\n\n\n<p>A partir de una plantilla preparada por el equipo de monitoras se incia la confecci\u00f3n en volumen de la mu\u00f1eca quitapenas.<\/p>\n\n\n\n<p>Proceso de Finalizaci\u00f3n<\/p>\n\n\n\n<p>Una vez terminada la mu\u00f1eca quitapenas se inicia el trabajo de creaci\u00f3n de un recept\u00e1culo contenedor denominado Morada. Se procede a la creaci\u00f3n de una morada colectiva contenedor de todas las mu\u00f1ecasy mu\u00f1ecos.<\/p>\n\n\n\n<p>El Taller<br>TAller Goerlich-Refectorio<\/p>\n\n\n\n<p>En el CCCC comenzamos a realizar jornadas abiertas al p\u00fablico los d\u00edas domingos 7, 14 y 21 de noviembre en la Sala Goerlich II, para proseguir los domingos 5 y 12 de diciembre del 2021. Partimos desarrollando el Taller Duelo Migratorio, consistente en la puesta en com\u00fan de nuestras experiencias migratorias mediante una din\u00e1mica centrada en cuestionamientos, los cuales generaron procesos de reflexi\u00f3n y evidenciaron problem\u00e1ticas \u00edntimas que interpelan el tejido social.<\/p>\n\n\n\n<p>Posteriormente, se desarroll\u00f3 el Taller de Arte Textil donde facilitamos t\u00e9cnicas como bordado, costura y tejido, generando instancias para confeccionar diferentes obras que expresen identidad, experiencias y procesos significativos de la biograf\u00eda de cada participante. Abordamos los conceptos de morada y animita (memorial mortuorio y tradici\u00f3n popular chilena), buscando desarrollar mediante t\u00e9cnicas textiles un nuevo hogar para esta identidad reconstruida desde el zurcir que evidencia fisuras, pero que se recompone mediante el entramado de hilos de la memoria. Tenemos como referentes la producci\u00f3n textil de culturas de Abya-Yala como los mantos y falsas cabezas textiles de Paracas, mu\u00f1ecas funerarias Chancay, mu\u00f1ecas quitapenas de Guatemala o Iximuleu, pilwa (cesta mapuche), entre otras.<\/p>\n\n\n\n<p>El proyecto culmina con la exposici\u00f3n de las moradas textiles creadas durante este proyecto en el CCCC, significando al museo como lugar de acogida para la realidad migrante, generando un di\u00e1logo p\u00fablico que problematice desde la sensibilidad social y art\u00edstica la inclusi\u00f3n real de las personas migrantes.<\/p>\n\n\n\n<hr class=\"wp-block-separator has-alpha-channel-opacity\"\/>\n\n\n\n<p>Jornada Patraix<\/p>\n\n\n\n<p>4\u00ba de ESO del Colegio Luis de Santangel. Patraix.<\/p>\n\n\n\n<p>Juventud<\/p>\n\n\n\n<p>El taller se realiz\u00f3 con j\u00f3venes provenientes de nacionalidades tan dispares como el S\u00e1hara Occidental, Venezuela, Colombia, Ecuador, Senegal, Guatemala, China, Per\u00fa\u2026 Un grupo de j\u00f3venes llenos de vitalidad y voluntad, de historias vividas que contar y nutrir a la sociedad espa\u00f1ola con sus valores internacionalistas y multiculturales.<\/p>\n\n\n\n<p>En la 1\u00aa sesi\u00f3n, a trav\u00e9s de una puesta en com\u00fan de nuestras experiencias migratorias donde cada uno pudo relatar su propia historia, y mostrar un objeto que a\u00fan conservara con ella o \u00e9l de su pa\u00eds de origen, pudimos construir mu\u00f1ecas quitapenas que representaran a cada participante.<\/p>\n\n\n\n<p>En la 2a sesi\u00f3n construimos una enorme red de cuerda de lino, usando el antiqu\u00edsimo nudo de origen precolombino de las wilpas, bolsas y cestas mapuches que a\u00fan hoy en d\u00eda est\u00e1n en uso. En esta red colgamos mu\u00f1equitas quitapenas, pedazos de tela donde chicas y chicos pudieron plasmar sus deseos, sentimientos o sue\u00f1os.<\/p>\n\n\n\n<p>En Terreno<\/p>\n\n\n\n<p>Como parte de la residencia Moradas textiles de la colectiva Alm\u00e1ciga en el CCCC, los d\u00edas 22 y 25 de febrero del 2022 se llev\u00f3 a cabo el taller Tejiendo Redes en el Colegio Luis de Santangel, del valenciano barrio de Patraix. El alumnado de este colegio es un 90% de origen migrante.<\/p>\n\n\n\n<p>Video En otro Lugar<\/p>\n\n\n\n<hr class=\"wp-block-separator has-alpha-channel-opacity\"\/>\n\n\n\n<p>Jornada Mujer Rural<\/p>\n\n\n\n<p>Segorbe<\/p>\n\n\n\n<p>Casa de la Mujer Rural de Segorbe<\/p>\n\n\n\n<p>El taller Moradas textiles durante su desarrollo ha determinado que en la ruralidad valenciana existe presencia de mujeres migrantes bastante desconocido y de dif\u00edcil acceso, sin embargo, por medio del mapeo y la colaboraci\u00f3n se ha ejecutado una intervenci\u00f3n de un d\u00eda de actividades en el centro de la Dona rural de Segorbe.<\/p>\n\n\n\n<hr class=\"wp-block-separator has-alpha-channel-opacity\"\/>\n\n\n\n<p>Open studio<\/p>\n\n\n\n<p>Claustro G\u00f3tico<\/p>\n\n\n\n<p>El Open Studio se realiz\u00f3 paralelamente en la Sala Refectorio y en el Claustro G\u00f3tico.<\/p>\n\n\n\n<p>En una de las b\u00f3vedas del Claustro se construy\u00f3 una morada de grandes dimensiones con materiales org\u00e1nicos, de manera que albergaran las mu\u00f1ecas quitapenas fabricadas por las participantes del taller.<\/p>\n\n\n\n<p>Sala Refectorio<\/p>\n\n\n\n<p>Al interior de la sala Refectorio se dispuso de fotograf\u00edas de registro, materiales utilizados y de dos redes de gran tama\u00f1o.<\/p>\n\n\n\n<p>Video Moradas textiles para la transici\u00f3n de duelos migratorios. CMCV.<\/p>\n","protected":false},"excerpt":{"rendered":"<p>Proyecto.En Moradas Textiles se ha puesto en praxis saberes ancestrales textiles, practicados en su mayor\u00eda por mujeres, no acad\u00e9micos, transmitidos de manera oral, que tienen la capacidad de permitir el di\u00e1logo y el trabajo a la vez. Se han tomado como referentes producciones textiles provenientes de territorios de Abya Yala para ahondar en conceptos vinculados &hellip; <\/p>\n<p class=\"link-more\"><a href=\"https:\/\/almacigasociocultural.org\/index.php\/2024\/02\/17\/moradas\/\" class=\"more-link\">Read more<span class=\"screen-reader-text\"> &#8220;Moradas&#8221;<\/span><\/a><\/p>\n","protected":false},"author":1,"featured_media":0,"comment_status":"closed","ping_status":"closed","sticky":false,"template":"","format":"standard","meta":{"_uag_custom_page_level_css":""},"categories":[1],"tags":[],"uagb_featured_image_src":{"full":false,"thumbnail":false,"medium":false,"medium_large":false,"large":false,"1536x1536":false,"2048x2048":false,"inspiro-featured-image":false,"inspiro-loop":false,"inspiro-loop@2x":false},"uagb_author_info":{"display_name":"curivil","author_link":false},"uagb_comment_info":0,"uagb_excerpt":"Proyecto.En Moradas Textiles se ha puesto en praxis saberes ancestrales textiles, practicados en su mayor\u00eda por mujeres, no acad\u00e9micos, transmitidos de manera oral, que tienen la capacidad de permitir el di\u00e1logo y el trabajo a la vez. Se han tomado como referentes producciones textiles provenientes de territorios de Abya Yala para ahondar en conceptos vinculados&hellip;","_links":{"self":[{"href":"https:\/\/almacigasociocultural.org\/index.php\/wp-json\/wp\/v2\/posts\/2165"}],"collection":[{"href":"https:\/\/almacigasociocultural.org\/index.php\/wp-json\/wp\/v2\/posts"}],"about":[{"href":"https:\/\/almacigasociocultural.org\/index.php\/wp-json\/wp\/v2\/types\/post"}],"author":[{"embeddable":true,"href":"https:\/\/almacigasociocultural.org\/index.php\/wp-json\/wp\/v2\/users\/1"}],"replies":[{"embeddable":true,"href":"https:\/\/almacigasociocultural.org\/index.php\/wp-json\/wp\/v2\/comments?post=2165"}],"version-history":[{"count":1,"href":"https:\/\/almacigasociocultural.org\/index.php\/wp-json\/wp\/v2\/posts\/2165\/revisions"}],"predecessor-version":[{"id":2166,"href":"https:\/\/almacigasociocultural.org\/index.php\/wp-json\/wp\/v2\/posts\/2165\/revisions\/2166"}],"wp:attachment":[{"href":"https:\/\/almacigasociocultural.org\/index.php\/wp-json\/wp\/v2\/media?parent=2165"}],"wp:term":[{"taxonomy":"category","embeddable":true,"href":"https:\/\/almacigasociocultural.org\/index.php\/wp-json\/wp\/v2\/categories?post=2165"},{"taxonomy":"post_tag","embeddable":true,"href":"https:\/\/almacigasociocultural.org\/index.php\/wp-json\/wp\/v2\/tags?post=2165"}],"curies":[{"name":"wp","href":"https:\/\/api.w.org\/{rel}","templated":true}]}}